
{"id":1847,"date":"2022-07-26T21:30:35","date_gmt":"2022-07-26T19:30:35","guid":{"rendered":"https:\/\/parrocchiasangregoriomagno.org\/?p=1847"},"modified":"2022-07-26T21:30:36","modified_gmt":"2022-07-26T19:30:36","slug":"due-importanti-iniziative-catechistiche-2","status":"publish","type":"post","link":"https:\/\/parrocchiasangregoriomagno.org\/?p=1847","title":{"rendered":"Due importanti iniziative catechistiche"},"content":{"rendered":"<h6><span style=\"color: #ff0000;\"><strong>Finalit\u00e0 di queste due iniziative:<\/strong><\/span><\/h6>\n<ul>\n<li>Approfondire-motivare-accrescere la propria fede;<\/li>\n<li>Prepararsi per un eventuale servizio di volontariato (catechisti, ministri straordinari dell\u2019Eucaristia, lettori liturgici, operatori caritativi, animatori oratoriani) nella comunit\u00e0 ecclesiale.<\/li>\n<\/ul>\n<h6><span style=\"color: #ff0000;\"><strong>Metodo:<\/strong><\/span> <span style=\"color: #0077ff;\"><strong>quello consueto utilizzato dal Vescovo negli incontri catechistici<\/strong><\/span><\/h6>\n<ul>\n<li>il Vescovo prima presenter\u00e0 l\u2019argomento, per il 50% del tempo, servendosi della parola e di immagini.<\/li>\n<li>Poi ognuno potr\u00e0 interrogare il Vescovo, ponendo domande in diretta, per il restante 50% del tempo.<\/li>\n<\/ul>\n<h6><span style=\"color: #ff0000;\"><strong>Luogo:<\/strong><\/span> <span style=\"color: #0077ff;\"><strong>Luogo: a casa propria, o nella propria parrocchia.<\/strong><\/span><\/h6>\n<p>Se desidera ulteriori informazioni, non esiti a contattare il Vescovo:<\/p>\n<ul>\n<li>in Episcopio:<br>&#8211; ogni luned\u00ec &#8211; mercoled\u00ec- venerd\u00ec ore 10-12.30, con accesso libero;<br>&#8211; e ogni altro giorno e orario su appuntamento Tel.: (06.9420467);<\/li>\n<li>In Cattedrale: per Confessione e Direzione spirituale:<br>&#8211; il gioved\u00ec dalle ore 17.00 alle ore 19,00;<br>&#8211; il sabato dalle ore 22,00 alle ore 24,00<br>&#8211; (in primavera e in autunno).<\/li>\n<\/ul>\n<p>L&#8217;email del Vescovo \u00e8: <span style=\"color: #3366ff;\">mrtraffaello@pcn.net<\/span><\/p>\n<p style=\"text-align: center;\">Dall&#8217;ottobre 2022 al giugno 2023 si attuano due iniziative diocesane, promosse dal Vescovo di Frascati, via internet-streaming e in forma gratuita:<\/p>\n\n\n<div class=\"wp-block-columns is-layout-flex wp-container-core-columns-is-layout-9d6595d7 wp-block-columns-is-layout-flex\">\n<div class=\"wp-block-column is-layout-flow wp-block-column-is-layout-flow\">\n<p style=\"text-align: center;\"><strong>il <span style=\"color: #ff0000;\">MARTED\u00cc<\/span><\/strong><br \/><strong>dalle ore 20.30 alle 21.30<\/strong><\/p>\n\n\n<div class=\"wp-block-image\">\n<figure class=\"aligncenter size-full\"><img loading=\"lazy\" decoding=\"async\" width=\"365\" height=\"191\" src=\"https:\/\/parrocchiasangregoriomagno.org\/wp-content\/uploads\/2022\/07\/VirtuCardinali.png\" alt=\"\" class=\"wp-image-1857\" srcset=\"https:\/\/parrocchiasangregoriomagno.org\/wp-content\/uploads\/2022\/07\/VirtuCardinali.png 365w, https:\/\/parrocchiasangregoriomagno.org\/wp-content\/uploads\/2022\/07\/VirtuCardinali-300x157.png 300w\" sizes=\"auto, (max-width: 365px) 100vw, 365px\" \/><\/figure>\n<\/div>\n\n\n<p style=\"text-align: center;\"><strong><span style=\"color: #ff0000;\">LE VIRT\u00d9 CARDINALI<\/span><\/strong><\/p>\n<p style=\"text-align: center;\"><strong>Per iscriversi e partecipare gratuitamente: <span style=\"color: #ff0000;\">https:\/\/bit.ly\/IscrizioneMartedi<\/span><\/strong><\/p>\n<\/div>\n\n\n\n<div class=\"wp-block-column is-layout-flow wp-block-column-is-layout-flow\">\n<p style=\"text-align: center;\"><strong>il <span style=\"color: #ff0000;\">VENERD\u00cc<\/span><\/strong><br \/><strong>dalle ore 19.00 alle 20.30<\/strong><br \/><strong>CATECHESI PER FORMARE<\/strong><br \/><strong>I FORMATORI LAICI,<\/strong><br \/><strong>interrogando il Vescovo<\/strong><br \/><strong>L\u2019argomento, che viene presentato a partire<\/strong><br \/><strong>da ottobre 2022, \u00e8:<\/strong><\/p>\n\n\n<div class=\"wp-block-image\">\n<figure class=\"alignright size-full\"><img loading=\"lazy\" decoding=\"async\" width=\"185\" height=\"124\" src=\"https:\/\/parrocchiasangregoriomagno.org\/wp-content\/uploads\/2022\/07\/LaSantaMessa.png\" alt=\"\" class=\"wp-image-1861\"\/><\/figure>\n<\/div>\n\n\n<p>\u00a0<\/p>\n<p style=\"text-align: center;\"><span style=\"color: #ff0000;\"><strong>Santa MESSA:<\/strong><\/span><br \/><span style=\"color: #ff0000;\"><strong>dono<\/strong><\/span><br \/><span style=\"color: #ff0000;\"><strong>incomparabile<\/strong><\/span><\/p>\n<p>\u00a0<\/p>\n<p style=\"text-align: center;\"><strong>Per iscriversi e partecipare gratuitamente: <span style=\"color: #ff0000;\">https:\/\/bit.ly\/IscrizioneVenerdi<\/span><\/strong><\/p>\n<\/div>\n<\/div>\n\n\n\n<figure class=\"wp-block-table\"><table class=\"has-white-color has-vivid-green-cyan-background-color has-text-color has-background\"><tbody><tr><td><strong>N.B.<\/strong><br><br><br><\/td><td><strong>1. Le due iniziative verranno sospese durante le feste Natalizie, Pasquali e nel periodo estivo.<br>2. Per le Catechesi sul Catechismo della Chiesa Cattolica si veda: http:\/\/www.catechesi.online\/it\/cts\/<br>3. Per le Virt\u00f9 Teologali e per i corsi catechistici degli anni precedenti Formare i Formatori si vedano:<br>http:\/\/bit.ly\/CanaleYouTubeDiocesi \u2022 https:\/\/www.facebook.com\/diocesituscolana<\/strong><\/td><\/tr><\/tbody><\/table><\/figure>\n\n\n<!-- pagina 1847 -- tracelog -- 0 -- OK -- 381613 -->\n","protected":false},"excerpt":{"rendered":"<p>Finalit\u00e0 di queste due iniziative: Approfondire-motivare-accrescere la propria fede; Prepararsi per un eventuale servizio di volontariato (catechisti, ministri straordinari dell\u2019Eucaristia,<\/p>\n","protected":false},"author":4,"featured_media":1846,"comment_status":"closed","ping_status":"open","sticky":false,"template":"","format":"standard","meta":{"footnotes":""},"categories":[26,6],"tags":[],"class_list":["post-1847","post","type-post","status-publish","format-standard","has-post-thumbnail","hentry","category-appuntamenti-ed-eventi","category-primopiano"],"_links":{"self":[{"href":"https:\/\/parrocchiasangregoriomagno.org\/index.php?rest_route=\/wp\/v2\/posts\/1847","targetHints":{"allow":["GET"]}}],"collection":[{"href":"https:\/\/parrocchiasangregoriomagno.org\/index.php?rest_route=\/wp\/v2\/posts"}],"about":[{"href":"https:\/\/parrocchiasangregoriomagno.org\/index.php?rest_route=\/wp\/v2\/types\/post"}],"author":[{"embeddable":true,"href":"https:\/\/parrocchiasangregoriomagno.org\/index.php?rest_route=\/wp\/v2\/users\/4"}],"replies":[{"embeddable":true,"href":"https:\/\/parrocchiasangregoriomagno.org\/index.php?rest_route=%2Fwp%2Fv2%2Fcomments&post=1847"}],"version-history":[{"count":13,"href":"https:\/\/parrocchiasangregoriomagno.org\/index.php?rest_route=\/wp\/v2\/posts\/1847\/revisions"}],"predecessor-version":[{"id":1871,"href":"https:\/\/parrocchiasangregoriomagno.org\/index.php?rest_route=\/wp\/v2\/posts\/1847\/revisions\/1871"}],"wp:featuredmedia":[{"embeddable":true,"href":"https:\/\/parrocchiasangregoriomagno.org\/index.php?rest_route=\/wp\/v2\/media\/1846"}],"wp:attachment":[{"href":"https:\/\/parrocchiasangregoriomagno.org\/index.php?rest_route=%2Fwp%2Fv2%2Fmedia&parent=1847"}],"wp:term":[{"taxonomy":"category","embeddable":true,"href":"https:\/\/parrocchiasangregoriomagno.org\/index.php?rest_route=%2Fwp%2Fv2%2Fcategories&post=1847"},{"taxonomy":"post_tag","embeddable":true,"href":"https:\/\/parrocchiasangregoriomagno.org\/index.php?rest_route=%2Fwp%2Fv2%2Ftags&post=1847"}],"curies":[{"name":"wp","href":"https:\/\/api.w.org\/{rel}","templated":true}]}}