
{"id":2247,"date":"2023-04-10T11:43:19","date_gmt":"2023-04-10T09:43:19","guid":{"rendered":"https:\/\/parrocchiasangregoriomagno.org\/?p=2247"},"modified":"2023-04-10T11:43:20","modified_gmt":"2023-04-10T09:43:20","slug":"cristo-e-risorto-e-veramente-risorto","status":"publish","type":"post","link":"https:\/\/parrocchiasangregoriomagno.org\/?p=2247","title":{"rendered":"Cristo \u00e8 risorto, \u00e8 veramente risorto!"},"content":{"rendered":"\n<p><\/p>\n\n\n<div class=\"wp-block-image\">\n<figure class=\"aligncenter size-large\"><img loading=\"lazy\" decoding=\"async\" width=\"1024\" height=\"768\" src=\"https:\/\/parrocchiasangregoriomagno.org\/wp-content\/uploads\/2023\/04\/AuguriPasqua2023_1102x827-1024x768.jpg\" alt=\"\" class=\"wp-image-2250\" srcset=\"https:\/\/parrocchiasangregoriomagno.org\/wp-content\/uploads\/2023\/04\/AuguriPasqua2023_1102x827-1024x768.jpg 1024w, https:\/\/parrocchiasangregoriomagno.org\/wp-content\/uploads\/2023\/04\/AuguriPasqua2023_1102x827-300x225.jpg 300w, https:\/\/parrocchiasangregoriomagno.org\/wp-content\/uploads\/2023\/04\/AuguriPasqua2023_1102x827-768x576.jpg 768w, https:\/\/parrocchiasangregoriomagno.org\/wp-content\/uploads\/2023\/04\/AuguriPasqua2023_1102x827.jpg 1102w\" sizes=\"auto, (max-width: 1024px) 100vw, 1024px\" \/><\/figure>\n<\/div>\n\n\n<p class=\"has-vivid-cyan-blue-color has-text-color\">Carissimi\/e amici\/che di Madre Cecilia Baij,&nbsp;<\/p>\n\n\n\n<p class=\"has-vivid-cyan-blue-color has-text-color\">Abbiamo voluto anticipare l\u2019invio della newsletter per condividere con voi l\u2019immensa gioia di Cristo Risorto! Per augurarvi una buona e Santa Pasqua e dire con madre Cecilia:&nbsp;<strong><em>\u00abVive davvero in me Cristo\u00bb<\/em><\/strong>&nbsp;(I vol. dei &#8220;Colloqui&#8221; in processo di trascrizione).<\/p>\n\n\n\n<p><strong>Ges\u00f9<\/strong>: \u00abPace a te, o sposa mia, gioisci e rallegrati poich\u00e9 \u00e8 risorto il tuo amato e abita in mezzo a te\u00bb.<\/p>\n\n\n\n<p><strong>M. Cecilia<\/strong>: \u00abAve Ges\u00f9, mio sposo che risorgesti nel gaudio, ti saluto e ti lodo. Oh, mio diletto sposo, quanto siete bello, quanto amabile e risplendente, oh, come sono oscure le stelle, la luna, il sole e i cieli, oh, come sordida la terra e tutto il creato: Oh, come \u00e8 sordida la terra mentre ammiro te, mio diletto. Oh, bellezza incomparabile, oh, che raggi di oro inesplicabile escono dalle vostre piaghe adorate, oh, mio caro Ges\u00f9. Oh, Ges\u00f9 adorato, quanto sei splendido, dammi sempre di amare te, Re supremo. Oh Ges\u00f9 mio, amore mio, quest\u2019anima non pu\u00f2 stare pi\u00f9 sepolta in questo corpo miserabile, desidera venire a godere il suo diletto, e come potr\u00f2 aprire gli occhi a guardare le cose di questo mondo se ogni cosa mi sembra brutta, sporca e fastidiosa? \u00c8 brutto il sole, oh, che cosa sia delle altre cose inferiori, voi lo sapete, oh mio bel tesoro, voi solo siete bello, oh mio Ges\u00f9: Tu solo bello e ameno, tu solo stupendo e pieno di delizie<sup>.<\/sup> Oh mio bel tesoro, oh vita mia, oh gioia del cuor mio!\u00bb<\/p>\n\n\n\n<p><strong>Ges\u00f9<\/strong>: \u00abOh via, mia diletta sposa, godi pure la bella vista del tuo amato sposo, saziati appieno perch\u00e9 \u00e8 ben giusto che tu goda della mia vista, in questo giorno di Pasqua di resurrezione. Poich\u00e9 ti sei tanto appassionata nei giorni della mia Passione vedi, oh mia diletta, come sto contento dentro il tuo cuore, come glorioso e trionfante. Io vi siedo tutto bello e risplendente, cos\u00ec mi ti mostro, oh mia cara sposa, godi pure la bella e amabile compagnia del tuo diletto\u00bb.<\/p>\n\n\n\n<p><strong>M. Cecilia<\/strong>: \u00abGes\u00f9 mio, io non so come possa vivere la vostra serva tra tante dimostrazioni del vostro amore; io posso dire con verit\u00e0: Vivo, ma davvero non vivo io, ma vorrei poter dire con verit\u00e0: Vive davvero in me Cristo\u00bb.<\/p>\n\n\n\n<p class=\"has-vivid-cyan-blue-color has-text-color\">In comunione di preghiera,<\/p>\n\n\n<p style=\"text-align: center;\"><span style=\"color: #3366ff;\">sr Benedetta Aguirre<\/span><br \/><span style=\"color: #3366ff;\">Benedettine dell\u2019Adorazione Perpetua del Santissimo Sacramento Montefiascone<\/span><\/p>\n\n<p style=\"text-align: center;\"><strong><span style=\"color: #0000ff;\">Vi ringraziamo dell\u2019aiuto che possiate darci inviando questa lettera alle persone che crediate conveniente, collaborando cos\u00ec con noi anche nella diffusione della devozione alla Serva di Dio madre Maria Cecilia Baij.<\/span><\/strong><\/p>\n\n<!-- pagina 2247 -- tracelog -- 0 -- OK -- 381879 -->\n","protected":false},"excerpt":{"rendered":"<p>Carissimi\/e amici\/che di Madre Cecilia Baij,&nbsp; Abbiamo voluto anticipare l\u2019invio della newsletter per condividere con voi l\u2019immensa gioia di Cristo<\/p>\n","protected":false},"author":3,"featured_media":2249,"comment_status":"closed","ping_status":"open","sticky":false,"template":"","format":"standard","meta":{"footnotes":""},"categories":[12,14],"tags":[],"class_list":["post-2247","post","type-post","status-publish","format-standard","has-post-thumbnail","hentry","category-latest","category-mattutino"],"_links":{"self":[{"href":"https:\/\/parrocchiasangregoriomagno.org\/index.php?rest_route=\/wp\/v2\/posts\/2247","targetHints":{"allow":["GET"]}}],"collection":[{"href":"https:\/\/parrocchiasangregoriomagno.org\/index.php?rest_route=\/wp\/v2\/posts"}],"about":[{"href":"https:\/\/parrocchiasangregoriomagno.org\/index.php?rest_route=\/wp\/v2\/types\/post"}],"author":[{"embeddable":true,"href":"https:\/\/parrocchiasangregoriomagno.org\/index.php?rest_route=\/wp\/v2\/users\/3"}],"replies":[{"embeddable":true,"href":"https:\/\/parrocchiasangregoriomagno.org\/index.php?rest_route=%2Fwp%2Fv2%2Fcomments&post=2247"}],"version-history":[{"count":3,"href":"https:\/\/parrocchiasangregoriomagno.org\/index.php?rest_route=\/wp\/v2\/posts\/2247\/revisions"}],"predecessor-version":[{"id":2255,"href":"https:\/\/parrocchiasangregoriomagno.org\/index.php?rest_route=\/wp\/v2\/posts\/2247\/revisions\/2255"}],"wp:featuredmedia":[{"embeddable":true,"href":"https:\/\/parrocchiasangregoriomagno.org\/index.php?rest_route=\/wp\/v2\/media\/2249"}],"wp:attachment":[{"href":"https:\/\/parrocchiasangregoriomagno.org\/index.php?rest_route=%2Fwp%2Fv2%2Fmedia&parent=2247"}],"wp:term":[{"taxonomy":"category","embeddable":true,"href":"https:\/\/parrocchiasangregoriomagno.org\/index.php?rest_route=%2Fwp%2Fv2%2Fcategories&post=2247"},{"taxonomy":"post_tag","embeddable":true,"href":"https:\/\/parrocchiasangregoriomagno.org\/index.php?rest_route=%2Fwp%2Fv2%2Ftags&post=2247"}],"curies":[{"name":"wp","href":"https:\/\/api.w.org\/{rel}","templated":true}]}}