
{"id":2450,"date":"2023-08-24T20:21:48","date_gmt":"2023-08-24T18:21:48","guid":{"rendered":"https:\/\/parrocchiasangregoriomagno.org\/?p=2450"},"modified":"2023-08-24T20:21:49","modified_gmt":"2023-08-24T18:21:49","slug":"peregrinatio-2023-vii-edizione","status":"publish","type":"post","link":"https:\/\/parrocchiasangregoriomagno.org\/?p=2450","title":{"rendered":"Peregrinatio 2023 &#8211; VII edizione"},"content":{"rendered":"<a href=\"https:\/\/parrocchiasangregoriomagno.org\/wp-content\/uploads\/2023\/08\/Peregrinatio-manifesto.pdf\" class=\"pdfemb-viewer\" style=\"\" data-width=\"max\" data-height=\"max\" data-toolbar=\"bottom\" data-toolbar-fixed=\"off\">Peregrinatio-manifesto<\/a>\n<p class=\"wp-block-pdfemb-pdf-embedder-viewer\"><\/p>\n\n\n\n<p><em>\u201cI veri protagonisti della nuova evangelizzazione sono i Santi:<br>essi parlano un linguaggio a tutti comprensibile,<br>con l\u2019esempio della vita e con le opere della carit\u00e0\u201d.<\/em><br>(Benedetto XVI)<\/p>\n\n\n<p style=\"text-align: center;\">Da questo anno 2016 &#8211; Anno Santo della misericordia e 250\u00b0 della Dedicazione del Duomo -, i tradizionali festeggiamenti patronali si arricchiscono di un nuovo appuntamento:<\/p>\n\n<h6 style=\"text-align: center;\"><span style=\"color: #ff0000;\">il PELLEGRINAGGIO DI SANT&#8217;ANTONINO TRA I QUARTIERI DI MONTE PORZIO.<\/span><\/h6>\n\n<p>Ogni anno, in un giorno prestabilito durante i festeggiamenti di settembre, Sant&#8217;Antonino lascer\u00e0 il Duomo e andr\u00e0 in visita in una zona della nostra Monte Porzio, per visitare i suoi e far festa con loro&#8230; \u201c<em>in famiglia<\/em>\u201d!<\/p>\n\n<p style=\"text-align: center;\"><strong>Il pellegrinaggio del nostro amato Santo Patrono tra noi:<\/strong><\/p>\n\n<p style=\"text-align: center;\"><span style=\"color: #0000ff;\">rende ben visibile il suo radicato legame &#8211; storico, religioso e affettivo &#8211; con tutta la nostra Citt\u00e0; permette di conoscere, sempre pi\u00f9 e meglio, la sua vita e la sua coraggiosa testimonianza cristiana; ricorda che Egli \u00e8 intercessore presso Dio per tutte le nostre preghiere e per i bisogni di tutta la Citt\u00e0; propone la sua stessa figura come modello di discepolo fedele del Signore, da imitare con impegno;<\/span><\/p>\n<p><strong><span style=\"color: #ff0000;\">rammenta che tutta la vita cristiana \u00e8 un pellegrinaggio verso Dio Padre, ma anche verso i fratelli; conferma che la nostra vita \u00e8 un cammino di santit\u00e0, accoglienza in noi del dono dello Spirito Santo; invita a scoprire o riscoprire, rinforzare e far screscere la nostra fede in Ges\u00f9, il Crocifisso-Risorto; provoca a \u201cuscire\u201d dalla nostra ordinariet\u00e0, per annunciare a tutti, ovunque, la gioia del Vangelo;<\/span><\/strong><\/p>\n<p style=\"text-align: center;\"><span style=\"color: #008000;\">d\u00e0 l\u2019occasione di incontrarci e condividere in semplicit\u00e0 un momento di festa e di amicizia; sollecita a rinsaldare i rapporti di fraternit\u00e0 e di vicinanza tra noi, membri della stessa comunit\u00e0; chiama ad approfondire e rinvigorire la nostra appartenenza alla comunit\u00e0 religiosa e civile; sprona a una concreta condivisione e solidariet\u00e0 con quanti sono nel bisogno e, magari, ci sono vicini;<\/span><\/p>\n<p style=\"text-align: center;\"><span style=\"color: #993300;\">richiama l\u2019importanza della famiglia, cellula fondamentale della Chiesa &#8211; famiglia fatta di famiglie -; permette di raccontare e trasmettere alle giovani generazioni le nostre pi\u00f9 significative tradizioni; valorizza zone del nostro territorio cittadino considerate, a volte, pi\u00f9 che \u201cperiferiche\u201d, \u201csecondarie\u201d; aiuta a comprendere e vivere la nostra Citt\u00e0 in tutti i suoi quartieri, vera \u201cricchezza\u201d umana per tutti.<\/span><\/p>\n<p style=\"text-align: center;\"><em><strong>Il pellegrinaggio prevede:<\/strong><\/em> l\u2019accoglienza delle Reliquie e dell\u2019immagine di Sant&#8217;Antonino, un momento di preghiera, con la benedizione delle famiglie del quartiere.<em><strong><br \/><\/strong><\/em>Un momento di festa vissuto insieme, in semplicit\u00e0 e gioia.<\/p>\n\n<!-- pagina 2450 -- tracelog -- 0 -- OK -- 379638 -->\n","protected":false},"excerpt":{"rendered":"<p>\u201cI veri protagonisti della nuova evangelizzazione sono i Santi:essi parlano un linguaggio a tutti comprensibile,con l\u2019esempio della vita e con<\/p>\n","protected":false},"author":4,"featured_media":2451,"comment_status":"closed","ping_status":"open","sticky":false,"template":"","format":"standard","meta":{"footnotes":""},"categories":[26,12],"tags":[],"class_list":["post-2450","post","type-post","status-publish","format-standard","has-post-thumbnail","hentry","category-appuntamenti-ed-eventi","category-latest"],"_links":{"self":[{"href":"https:\/\/parrocchiasangregoriomagno.org\/index.php?rest_route=\/wp\/v2\/posts\/2450","targetHints":{"allow":["GET"]}}],"collection":[{"href":"https:\/\/parrocchiasangregoriomagno.org\/index.php?rest_route=\/wp\/v2\/posts"}],"about":[{"href":"https:\/\/parrocchiasangregoriomagno.org\/index.php?rest_route=\/wp\/v2\/types\/post"}],"author":[{"embeddable":true,"href":"https:\/\/parrocchiasangregoriomagno.org\/index.php?rest_route=\/wp\/v2\/users\/4"}],"replies":[{"embeddable":true,"href":"https:\/\/parrocchiasangregoriomagno.org\/index.php?rest_route=%2Fwp%2Fv2%2Fcomments&post=2450"}],"version-history":[{"count":4,"href":"https:\/\/parrocchiasangregoriomagno.org\/index.php?rest_route=\/wp\/v2\/posts\/2450\/revisions"}],"predecessor-version":[{"id":2459,"href":"https:\/\/parrocchiasangregoriomagno.org\/index.php?rest_route=\/wp\/v2\/posts\/2450\/revisions\/2459"}],"wp:featuredmedia":[{"embeddable":true,"href":"https:\/\/parrocchiasangregoriomagno.org\/index.php?rest_route=\/wp\/v2\/media\/2451"}],"wp:attachment":[{"href":"https:\/\/parrocchiasangregoriomagno.org\/index.php?rest_route=%2Fwp%2Fv2%2Fmedia&parent=2450"}],"wp:term":[{"taxonomy":"category","embeddable":true,"href":"https:\/\/parrocchiasangregoriomagno.org\/index.php?rest_route=%2Fwp%2Fv2%2Fcategories&post=2450"},{"taxonomy":"post_tag","embeddable":true,"href":"https:\/\/parrocchiasangregoriomagno.org\/index.php?rest_route=%2Fwp%2Fv2%2Ftags&post=2450"}],"curies":[{"name":"wp","href":"https:\/\/api.w.org\/{rel}","templated":true}]}}